{"id":4758,"date":"2023-02-13T22:11:53","date_gmt":"2023-02-13T22:11:53","guid":{"rendered":"https:\/\/neivanutri.com.br\/novo\/?p=4758"},"modified":"2023-02-13T22:16:16","modified_gmt":"2023-02-13T22:16:16","slug":"sufle-de-queijo","status":"publish","type":"post","link":"https:\/\/neivanutri.com.br\/index.php\/2023\/02\/13\/sufle-de-queijo\/","title":{"rendered":"Sufl\u00ea de Queijo"},"content":{"rendered":"<p><strong>Rendimento: 4 por\u00e7\u00f5es<\/strong><\/p>\n<p><strong>Informa\u00e7\u00e3o Nutricional (por por\u00e7\u00e3o)<\/strong><\/p>\n<p>156 kcal<\/p>\n<p><strong><br \/>\nIngredientes<\/strong><\/p>\n<p>200g de queijo minas light amassado<\/p>\n<p>3 claras em neve<\/p>\n<p>200 ml de leite desnatado<\/p>\n<p>1 colher de sobremesa de farinha, salsinha picada<\/p>\n<p><strong><br \/>\nModo de Preparo<\/strong><\/p>\n<p>Misture o leite e a farinha em uma panela e leve para cozinhar, at\u00e9 obter um creme espesso. em outra vasilha, misture o queijo com esse creme. misture a salsinha e por \u00faltimo as claras .coloque tudo numa forma untada para assar em 15 minutos.<\/p>\n<p>&nbsp;<\/p>\n","protected":false},"excerpt":{"rendered":"<p>Rendimento: 4 por\u00e7\u00f5es Informa\u00e7\u00e3o Nutricional (por por\u00e7\u00e3o) 156 kcal Ingredientes 200g de queijo minas light amassado 3 claras em neve 200 ml de leite desnatado 1 colher de sobremesa de farinha, salsinha picada Modo de Preparo Misture o leite e a farinha em uma panela e leve para cozinhar, at\u00e9 obter um creme espesso. em [&hellip;]<\/p>\n","protected":false},"author":1,"featured_media":4759,"comment_status":"closed","ping_status":"closed","sticky":false,"template":"","format":"standard","meta":{"footnotes":""},"categories":[43],"tags":[],"featured_image_src":{"landsacpe":["https:\/\/neivanutri.com.br\/wp-content\/uploads\/2023\/02\/Sufle-de-Queijo.jpg",710,400,false],"list":["https:\/\/neivanutri.com.br\/wp-content\/uploads\/2023\/02\/Sufle-de-Queijo-463x348.jpg",463,348,true],"medium":["https:\/\/neivanutri.com.br\/wp-content\/uploads\/2023\/02\/Sufle-de-Queijo-300x169.jpg",300,169,true],"full":["https:\/\/neivanutri.com.br\/wp-content\/uploads\/2023\/02\/Sufle-de-Queijo.jpg",710,400,false]},"_links":{"self":[{"href":"https:\/\/neivanutri.com.br\/index.php\/wp-json\/wp\/v2\/posts\/4758"}],"collection":[{"href":"https:\/\/neivanutri.com.br\/index.php\/wp-json\/wp\/v2\/posts"}],"about":[{"href":"https:\/\/neivanutri.com.br\/index.php\/wp-json\/wp\/v2\/types\/post"}],"author":[{"embeddable":true,"href":"https:\/\/neivanutri.com.br\/index.php\/wp-json\/wp\/v2\/users\/1"}],"replies":[{"embeddable":true,"href":"https:\/\/neivanutri.com.br\/index.php\/wp-json\/wp\/v2\/comments?post=4758"}],"version-history":[{"count":2,"href":"https:\/\/neivanutri.com.br\/index.php\/wp-json\/wp\/v2\/posts\/4758\/revisions"}],"predecessor-version":[{"id":4761,"href":"https:\/\/neivanutri.com.br\/index.php\/wp-json\/wp\/v2\/posts\/4758\/revisions\/4761"}],"wp:featuredmedia":[{"embeddable":true,"href":"https:\/\/neivanutri.com.br\/index.php\/wp-json\/wp\/v2\/media\/4759"}],"wp:attachment":[{"href":"https:\/\/neivanutri.com.br\/index.php\/wp-json\/wp\/v2\/media?parent=4758"}],"wp:term":[{"taxonomy":"category","embeddable":true,"href":"https:\/\/neivanutri.com.br\/index.php\/wp-json\/wp\/v2\/categories?post=4758"},{"taxonomy":"post_tag","embeddable":true,"href":"https:\/\/neivanutri.com.br\/index.php\/wp-json\/wp\/v2\/tags?post=4758"}],"curies":[{"name":"wp","href":"https:\/\/api.w.org\/{rel}","templated":true}]}}